{"id":1685,"date":"2021-06-07T08:46:34","date_gmt":"2021-06-07T05:46:34","guid":{"rendered":"https:\/\/www.ldki.lt\/?p=1685"},"modified":"2026-04-11T17:34:09","modified_gmt":"2026-04-11T14:34:09","slug":"2021-06-07","status":"publish","type":"post","link":"https:\/\/www.ldki.lt\/pl\/2021-06-07\/","title":{"rendered":"Gedyminowiczowie &#8211; litewska dynastia, jej rola i wp\u0142yw w historii Europy \u015arodkowo-Wschodniej. Mi\u0119dzynarodowa konferencja naukowa  w 620-\u0105 rocznic\u0119 zawarcia unii wile\u0144sko-radomskiej"},"content":{"rendered":"<p class=\"font_8\"><span class=\"color_15\">Cz\u0142onkowie rodu Gedyminowicz\u00f3w w\u0142adali \u015brodkowo-wschodni\u0105 cz\u0119\u015bci\u0105 Europy a\u017c do ko\u0144ca XVI wieku. Potomkowie \u2013 jednego z Gedyminowicz\u00f3w \u2013 W\u0142adys\u0142awa Jagie\u0142\u0142y, kr\u00f3la Polski i wielkiego ksi\u0119cia Litwy \u2013 przyj\u0119li nazw\u0119 Dynastii Jagiellon\u00f3w, kt\u00f3rej kres przypada wraz ze \u015bmierci\u0105 Zygmunta Augusta w 1572 roku. Gedyminowicze na przestrzeni wiek\u00f3w w\u0142adali Litw\u0105, Polsk\u0105, W\u0119grami, Czechami, Mo\u0142dawi\u0105, a tak\u017ce ksi\u0119stwami na Rusi, Wo\u0142yniu, Podolu. Stali si\u0119 jedn\u0105 z najpot\u0119\u017cniejszych dynastii w tej cz\u0119\u015bci \u015bwiata. Aczkolwiek w wyniku &#8220;spor\u00f3w w rodzinie&#8221; nie utrzymali trwalej w\u0142adzy nad t\u0105 cz\u0119\u015bci\u0105 Europy. W XVII w. do dziedzictwa Gedyminowicz\u00f3w (Jagiellon\u00f3w) odwo\u0142ywali si\u0119 m.in. polscy Wazowie, ze wzgl\u0119du na swe pochodzenie po k\u0105dzieli od Katarzyny Jagiellonki.<\/span><\/p>\n<p class=\"font_8\"><span class=\"color_15\"><span class=\"wixGuard\">\u200b<\/span><\/span><span class=\"color_15\">Zadaniem konferencji jest wykazanie pot\u0119gi dynastycznej rodu Gedyminowicz\u00f3w. Konferencja odb\u0119dzie si\u0119 w 620-\u0105 rocznic\u0119 zawarcia unii wile\u0144sko-radomskiej. Unia ta, podobnie jak wszystkie inne od Krewa do Lublina \u2013 zosta\u0142a sporz\u0105dzona pomi\u0119dzy cz\u0142onkami rodu Gedyminowicz\u00f3w.\u00a0<\/span><\/p>\n<p class=\"font_7\" style=\"text-align: center;\"><strong><span class=\"color_15\">Mi\u0119dzynarodowa konferencja naukowa zaplanowana jest na 25-26 czerwca 2021 w Instytucie Historii Polskiej Akademii Nauk, Sala im. Joachima Lelewela (Rynek Starego Miasta 29\/31, Warszawa). <\/span><\/strong><\/p>\n<p class=\"font_7\" style=\"text-align: center;\"><strong><span class=\"color_18\">oraz on-line<\/span><\/strong><\/p>\n<p class=\"font_7\"><span class=\"wixGuard\">\u200b<\/span><span class=\"color_15\">Konferencja b\u0119dzie trwa\u0107 dwa dni i zostanie zwie\u0144czona debat\u0105 o uniach polsko-litewskich w kontek\u015bcie cz\u0142onk\u00f3w rodu Gedyminowicz\u00f3w oraz panelem dyskusyjnym, podsumowuj\u0105cym konferencj\u0119.\u00a0<\/span><span class=\"color_15\">W konferencji uczestniczy\u0107 b\u0119dzie ponad 30 badaczy z Polski, Litwy, Ukrainy, Bia\u0142orusi i Rosji. Organizatorzy planuj\u0105 kontynuacj\u0119 konferencji w 2022 roku w Kownie albo w Stanis\u0142awowie (obecnie Iwano-Frankiwsk).<\/span><\/p>\n<p><strong>Organizatorzy<\/strong><br>\nLitewska Ambasada w Polsce \u2013 patron honorowy<br>\nZwi\u0105zek Szlachty Polskiej<br>\nInstytut Wielkiego Ksi\u0119stwa Litewskiego<br>\nInstytut Historii Polskiej Akademii Nauk<br>\nStudium Europy Wschodniej UW<br>\nPrzykarpacki Pa\u0144stwowy Uniwersytet im. Wasyla Stefanyka<br>\nCentrum Studi\u00f3w Mediewistycznych<br>\nUniwersytet Witolda Wielkiego<\/p>\n<p><strong>Wi\u0119cej informacji: <a href=\"https:\/\/ldkiwxl.wixsite.com\/gdmn\">gdmn.iwxl.lt<\/a> (<\/strong><b>updated 11-04-2026)<\/b><\/p>\n","protected":false},"excerpt":{"rendered":"<p>Cz\u0142onkowie rodu Gedyminowicz\u00f3w w\u0142adali \u015brodkowo-wschodni\u0105 cz\u0119\u015bci\u0105 Europy a\u017c do ko\u0144ca XVI wieku. Potomkowie \u2013 jednego z Gedyminowicz\u00f3w \u2013 W\u0142adys\u0142awa Jagie\u0142\u0142y, kr\u00f3la Polski i wielkiego ksi\u0119cia Litwy \u2013 przyj\u0119li nazw\u0119 Dynastii Jagiellon\u00f3w, kt\u00f3rej kres przypada wraz ze \u015bmierci\u0105 Zygmunta Augusta w 1572 roku. Gedyminowicze na przestrzeni wiek\u00f3w w\u0142adali Litw\u0105, Polsk\u0105, W\u0119grami, Czechami, Mo\u0142dawi\u0105, a tak\u017ce ksi\u0119stwami [&hellip;]<\/p>\n","protected":false},"author":11,"featured_media":0,"comment_status":"closed","ping_status":"closed","sticky":false,"template":"","format":"standard","meta":[],"categories":[46],"tags":[],"_links":{"self":[{"href":"https:\/\/www.ldki.lt\/pl\/wp-json\/wp\/v2\/posts\/1685"}],"collection":[{"href":"https:\/\/www.ldki.lt\/pl\/wp-json\/wp\/v2\/posts"}],"about":[{"href":"https:\/\/www.ldki.lt\/pl\/wp-json\/wp\/v2\/types\/post"}],"author":[{"embeddable":true,"href":"https:\/\/www.ldki.lt\/pl\/wp-json\/wp\/v2\/users\/11"}],"replies":[{"embeddable":true,"href":"https:\/\/www.ldki.lt\/pl\/wp-json\/wp\/v2\/comments?post=1685"}],"version-history":[{"count":7,"href":"https:\/\/www.ldki.lt\/pl\/wp-json\/wp\/v2\/posts\/1685\/revisions"}],"predecessor-version":[{"id":2263,"href":"https:\/\/www.ldki.lt\/pl\/wp-json\/wp\/v2\/posts\/1685\/revisions\/2263"}],"wp:attachment":[{"href":"https:\/\/www.ldki.lt\/pl\/wp-json\/wp\/v2\/media?parent=1685"}],"wp:term":[{"taxonomy":"category","embeddable":true,"href":"https:\/\/www.ldki.lt\/pl\/wp-json\/wp\/v2\/categories?post=1685"},{"taxonomy":"post_tag","embeddable":true,"href":"https:\/\/www.ldki.lt\/pl\/wp-json\/wp\/v2\/tags?post=1685"}],"curies":[{"name":"wp","href":"https:\/\/api.w.org\/{rel}","templated":true}]}}