{"id":1040,"date":"2018-08-01T22:25:16","date_gmt":"2018-08-01T19:25:16","guid":{"rendered":"https:\/\/www.ldki.lt\/?p=1040"},"modified":"2021-05-04T22:33:55","modified_gmt":"2021-05-04T19:33:55","slug":"2018-08-01","status":"publish","type":"post","link":"https:\/\/www.ldki.lt\/pl\/2018-08-01\/","title":{"rendered":"Mi\u0119dzynarodowa konferencja naukowa po\u015bwi\u0119cona wydarzeniom roku 1918 w Europie \u015arodkowo-Wschodniej"},"content":{"rendered":"<p>W dniach 20-21 czerwca 2018 r. w Litewskiej Bibliotece Narodowej im. Marcina Ma\u017cwida (Gedimino pr. 51, Wilno) odby\u0142a si\u0119 konferencja mi\u0119dzynarodowa \u201eRok 1918 w Litwie i Polsce ze wsp\u00f3\u0142czesnej perspektywy Europy \u015arodkowo-Wschodniej: historia, polityka i kultura\u201d, po\u015bwi\u0119cona stuleciu odrodzenia pa\u0144stwowo\u015bci Litwy i Polski.<\/p>\n<p>Konferencja mia\u0142a na celu om\u00f3wienie drogi do odbudowy niepodleg\u0142o\u015bci Litwy i Polski oraz innych kraj\u00f3w Europy \u015arodkowo\u2013Wschodniej; przedstawienie najnowszych bada\u0144 dotycz\u0105cych rozwoju polskiego i litewskiego odrodzenia narodowego pocz\u0105tku XX wieku oraz pogl\u0105d\u00f3w na tradycje polityczne Litwy i Polski. Obok temat\u00f3w historycznych prelegenci podj\u0119li r\u00f3wnie\u017c dyskusj\u0119 nad problemami dzisiejszego \u015bwiata: paradygmatami polityki zagranicznej wsp\u00f3\u0142czesnej Litwy i Polski, miejscu obydwu pa\u0144stw w Europie i na \u015awiecie.<\/p>\n<p>W Konferencji wzi\u0119li udzia\u0142 historycy, politolodzy, socjolodzy, kulturolodzy, filolodzi i przedstawicieli innych dziedzin nauko, kt\u00f3rzy podzielili si\u0119 swoimi badaniami dotycz\u0105cymi historii, polityki oraz kultury Litwy, Polski oraz innych kraj\u00f3w, w kontek\u015bcie stulecia pa\u0144stwowo\u015bci. W Konferencji udzia\u0142 wzi\u0119li naukowcy z Polski, Litwy, Ukrain, Czech, USA i innych kraj\u00f3w.<\/p>\n<p>Konferencj\u0119 organizowa\u0142 Uniwersytet Warszawski we wsp\u00f3\u0142pracy z Uniwersytetem Witolda Wielkiego, Uniwersytetem Micha\u0142a Romera, Ambasad\u0105 Rzeczypospolitej Polskiej w Wilnie, Instytutem Wielkiego Ksi\u0119stwa Litewskiego oraz Litewsk\u0105 Bibliotek\u0105 Narodow\u0105 im. Marcina Ma\u017cwida.<\/p>\n<p><a href=\"https:\/\/www.ldki.lt\/wp-content\/uploads\/dlm_uploads\/2018\/09\/programa.pdf\">Program.<\/a><\/p>\n<p><a href=\"https:\/\/www.ldki.lt\/wp-content\/uploads\/2018\/09\/sekcijos.pdf\">Sections.<\/a><\/p>\n","protected":false},"excerpt":{"rendered":"<p>W dniach 20-21 czerwca 2018 r. w Litewskiej Bibliotece Narodowej im. Marcina Ma\u017cwida (Gedimino pr. 51, Wilno) odby\u0142a si\u0119 konferencja mi\u0119dzynarodowa \u201eRok 1918 w Litwie i Polsce ze wsp\u00f3\u0142czesnej perspektywy Europy \u015arodkowo-Wschodniej: historia, polityka i kultura\u201d, po\u015bwi\u0119cona stuleciu odrodzenia pa\u0144stwowo\u015bci Litwy i Polski. Konferencja mia\u0142a na celu om\u00f3wienie drogi do odbudowy niepodleg\u0142o\u015bci Litwy i Polski [&hellip;]<\/p>\n","protected":false},"author":3,"featured_media":0,"comment_status":"closed","ping_status":"closed","sticky":false,"template":"","format":"standard","meta":[],"categories":[46,30],"tags":[],"_links":{"self":[{"href":"https:\/\/www.ldki.lt\/pl\/wp-json\/wp\/v2\/posts\/1040"}],"collection":[{"href":"https:\/\/www.ldki.lt\/pl\/wp-json\/wp\/v2\/posts"}],"about":[{"href":"https:\/\/www.ldki.lt\/pl\/wp-json\/wp\/v2\/types\/post"}],"author":[{"embeddable":true,"href":"https:\/\/www.ldki.lt\/pl\/wp-json\/wp\/v2\/users\/3"}],"replies":[{"embeddable":true,"href":"https:\/\/www.ldki.lt\/pl\/wp-json\/wp\/v2\/comments?post=1040"}],"version-history":[{"count":3,"href":"https:\/\/www.ldki.lt\/pl\/wp-json\/wp\/v2\/posts\/1040\/revisions"}],"predecessor-version":[{"id":1043,"href":"https:\/\/www.ldki.lt\/pl\/wp-json\/wp\/v2\/posts\/1040\/revisions\/1043"}],"wp:attachment":[{"href":"https:\/\/www.ldki.lt\/pl\/wp-json\/wp\/v2\/media?parent=1040"}],"wp:term":[{"taxonomy":"category","embeddable":true,"href":"https:\/\/www.ldki.lt\/pl\/wp-json\/wp\/v2\/categories?post=1040"},{"taxonomy":"post_tag","embeddable":true,"href":"https:\/\/www.ldki.lt\/pl\/wp-json\/wp\/v2\/tags?post=1040"}],"curies":[{"name":"wp","href":"https:\/\/api.w.org\/{rel}","templated":true}]}}